{"id":605,"date":"2025-06-26T19:10:28","date_gmt":"2025-06-26T19:10:28","guid":{"rendered":"https:\/\/baltisaksaselts.ee\/?p=605"},"modified":"2025-06-26T19:10:29","modified_gmt":"2025-06-26T19:10:29","slug":"b","status":"publish","type":"post","link":"https:\/\/baltisaksaselts.ee\/de\/uncategorized\/b\/","title":{"rendered":"Balti Ajaloo Komisjoni aastakonverents 2025 G\u00f6ttingenis"},"content":{"rendered":"\n<p>Balti Ajaloo Komisjoni seekordse, j\u00e4rjekorras juba 77. aastakonverentsi peateema oli \u201eNaiste emantsipatsioon ja sooline ajalugu Baltikumis 19. sajandist kuni Teise maailmas\u00f5jani<strong>\u201c<\/strong>. <\/p>\n\n\n\n<div class=\"wp-block-columns is-layout-flex wp-container-core-columns-is-layout-9d6595d7 wp-block-columns-is-layout-flex\">\n<div class=\"wp-block-column is-layout-flow wp-block-column-is-layout-flow\">\n<div data-wp-interactive=\"core\/file\" class=\"wp-block-file\"><object data-wp-bind--hidden=\"!state.hasPdfPreview\" hidden class=\"wp-block-file__embed\" data=\"https:\/\/baltisaksaselts.ee\/wp-content\/uploads\/2025\/06\/77_2025_JtBHK_Programm-1.pdf\" type=\"application\/pdf\" style=\"width:100%;height:600px\" aria-label=\"Einbettung von 77_2025_JtBHK_Programm.\"><\/object><a id=\"wp-block-file--media-8413ab87-7a06-4fa3-89fe-c137899697ca\" href=\"https:\/\/baltisaksaselts.ee\/wp-content\/uploads\/2025\/06\/77_2025_JtBHK_Programm-1.pdf\">77_2025_JtBHK_Programm<\/a><a href=\"https:\/\/baltisaksaselts.ee\/wp-content\/uploads\/2025\/06\/77_2025_JtBHK_Programm-1.pdf\" class=\"wp-block-file__button wp-element-button\" download aria-describedby=\"wp-block-file--media-8413ab87-7a06-4fa3-89fe-c137899697ca\">Laadi alla<\/a><\/div>\n<\/div>\n<\/div>\n\n\n\n<div class=\"wp-block-columns is-layout-flex wp-container-core-columns-is-layout-9d6595d7 wp-block-columns-is-layout-flex\">\n<div class=\"wp-block-column is-layout-flow wp-block-column-is-layout-flow\">\n<figure class=\"wp-block-image size-large\"><img loading=\"lazy\" decoding=\"async\" width=\"768\" height=\"1024\" src=\"https:\/\/baltisaksaselts.ee\/wp-content\/uploads\/2025\/06\/1000008187-2-768x1024.jpg\" alt=\"\" class=\"wp-image-618\" srcset=\"https:\/\/baltisaksaselts.ee\/wp-content\/uploads\/2025\/06\/1000008187-2-768x1024.jpg 768w, https:\/\/baltisaksaselts.ee\/wp-content\/uploads\/2025\/06\/1000008187-2-225x300.jpg 225w, https:\/\/baltisaksaselts.ee\/wp-content\/uploads\/2025\/06\/1000008187-2-1152x1536.jpg 1152w, https:\/\/baltisaksaselts.ee\/wp-content\/uploads\/2025\/06\/1000008187-2-1536x2048.jpg 1536w, https:\/\/baltisaksaselts.ee\/wp-content\/uploads\/2025\/06\/1000008187-2-830x1107.jpg 830w, https:\/\/baltisaksaselts.ee\/wp-content\/uploads\/2025\/06\/1000008187-2-230x307.jpg 230w, https:\/\/baltisaksaselts.ee\/wp-content\/uploads\/2025\/06\/1000008187-2-350x467.jpg 350w, https:\/\/baltisaksaselts.ee\/wp-content\/uploads\/2025\/06\/1000008187-2-480x640.jpg 480w, https:\/\/baltisaksaselts.ee\/wp-content\/uploads\/2025\/06\/1000008187-2-scaled.jpg 1920w\" sizes=\"auto, (max-width: 768px) 100vw, 768px\" \/><figcaption class=\"wp-element-caption\">14. ja 15. juunil G\u00f6ttingenis toimunud konverentsil oli kohal ka hulk Eesti uurijaid, kellest neli esines ettekandega. Meie seltsi liige Sirje Kivim\u00e4e k\u00f5neles teemal \u201e Rahvuslik liikumine ja naiste emantsipatsioon Eestis<strong>\u201c<\/strong>.<\/figcaption><\/figure>\n<\/div>\n<\/div>\n\n\n\n<div class=\"wp-block-columns is-layout-flex wp-container-core-columns-is-layout-9d6595d7 wp-block-columns-is-layout-flex\">\n<div class=\"wp-block-column is-layout-flow wp-block-column-is-layout-flow\"><\/div>\n\n\n\n<div class=\"wp-block-column is-layout-flow wp-block-column-is-layout-flow\"><\/div>\n<\/div>\n\n\n\n<figure class=\"wp-block-image size-large\"><img loading=\"lazy\" decoding=\"async\" width=\"1024\" height=\"768\" src=\"https:\/\/baltisaksaselts.ee\/wp-content\/uploads\/2025\/06\/1000008220-1024x768.jpg\" alt=\"\" class=\"wp-image-617\" srcset=\"https:\/\/baltisaksaselts.ee\/wp-content\/uploads\/2025\/06\/1000008220-1024x768.jpg 1024w, https:\/\/baltisaksaselts.ee\/wp-content\/uploads\/2025\/06\/1000008220-300x225.jpg 300w, https:\/\/baltisaksaselts.ee\/wp-content\/uploads\/2025\/06\/1000008220-768x576.jpg 768w, https:\/\/baltisaksaselts.ee\/wp-content\/uploads\/2025\/06\/1000008220-1536x1152.jpg 1536w, https:\/\/baltisaksaselts.ee\/wp-content\/uploads\/2025\/06\/1000008220-2048x1536.jpg 2048w, https:\/\/baltisaksaselts.ee\/wp-content\/uploads\/2025\/06\/1000008220-830x623.jpg 830w, https:\/\/baltisaksaselts.ee\/wp-content\/uploads\/2025\/06\/1000008220-230x173.jpg 230w, https:\/\/baltisaksaselts.ee\/wp-content\/uploads\/2025\/06\/1000008220-350x263.jpg 350w, https:\/\/baltisaksaselts.ee\/wp-content\/uploads\/2025\/06\/1000008220-480x360.jpg 480w\" sizes=\"auto, (max-width: 1024px) 100vw, 1024px\" \/><figcaption class=\"wp-element-caption\">Konverentsil viibinud eestlasi v\u00f5\u00f5rustasid oma kodus meie seltsi liige, kauaaegne Balti Ajaloo Komisjoni esimees (1979\u20132007) Gert von Pistohlkors ja tema abikaasa Anita. <br>Pildil vasakult paremale: Sirje Kivim\u00e4e, Reet Bender, Kadri-Rutt Hahn, Kristo Nurmis, Juhan Kreem, Gert von Pistohlkors, Inna P\u00f5ltsam-J\u00fcrjo, J\u00fcri Kivim\u00e4e, Marju Luts-Sootak, Janet Laidla, Olev Liivik<\/figcaption><\/figure>\n\n\n\n<p><\/p>\n\n\n\n<p><\/p>\n","protected":false},"excerpt":{"rendered":"<p>Balti Ajaloo Komisjoni seekordse, j\u00e4rjekorras juba 77. aastakonverentsi peateema oli \u201eNaiste emantsipatsioon ja sooline ajalugu Baltikumis 19. sajandist kuni Teise maailmas\u00f5jani\u201c.<\/p>\n","protected":false},"author":1,"featured_media":0,"comment_status":"closed","ping_status":"closed","sticky":false,"template":"","format":"standard","meta":{"footnotes":""},"categories":[1],"tags":[],"class_list":["post-605","post","type-post","status-publish","format-standard","hentry","category-uncategorized"],"_links":{"self":[{"href":"https:\/\/baltisaksaselts.ee\/de\/wp-json\/wp\/v2\/posts\/605","targetHints":{"allow":["GET"]}}],"collection":[{"href":"https:\/\/baltisaksaselts.ee\/de\/wp-json\/wp\/v2\/posts"}],"about":[{"href":"https:\/\/baltisaksaselts.ee\/de\/wp-json\/wp\/v2\/types\/post"}],"author":[{"embeddable":true,"href":"https:\/\/baltisaksaselts.ee\/de\/wp-json\/wp\/v2\/users\/1"}],"replies":[{"embeddable":true,"href":"https:\/\/baltisaksaselts.ee\/de\/wp-json\/wp\/v2\/comments?post=605"}],"version-history":[{"count":5,"href":"https:\/\/baltisaksaselts.ee\/de\/wp-json\/wp\/v2\/posts\/605\/revisions"}],"predecessor-version":[{"id":656,"href":"https:\/\/baltisaksaselts.ee\/de\/wp-json\/wp\/v2\/posts\/605\/revisions\/656"}],"wp:attachment":[{"href":"https:\/\/baltisaksaselts.ee\/de\/wp-json\/wp\/v2\/media?parent=605"}],"wp:term":[{"taxonomy":"category","embeddable":true,"href":"https:\/\/baltisaksaselts.ee\/de\/wp-json\/wp\/v2\/categories?post=605"},{"taxonomy":"post_tag","embeddable":true,"href":"https:\/\/baltisaksaselts.ee\/de\/wp-json\/wp\/v2\/tags?post=605"}],"curies":[{"name":"wp","href":"https:\/\/api.w.org\/{rel}","templated":true}]}}