{"id":590,"date":"2025-06-01T15:07:07","date_gmt":"2025-06-01T15:07:07","guid":{"rendered":"https:\/\/baltisaksaselts.ee\/de\/?p=590"},"modified":"2025-06-01T15:19:37","modified_gmt":"2025-06-01T15:19:37","slug":"reet-bender-valiti-baltisakslaste-keskorganisatsiooni-juhatuse-liikmeks","status":"publish","type":"post","link":"https:\/\/baltisaksaselts.ee\/de\/uncategorized\/reet-bender-valiti-baltisakslaste-keskorganisatsiooni-juhatuse-liikmeks\/","title":{"rendered":"Reet Bender valiti baltisakslaste keskorganisatsiooni juhatuse liikmeks"},"content":{"rendered":"\n<div class=\"wp-block-columns is-layout-flex wp-container-core-columns-is-layout-9d6595d7 wp-block-columns-is-layout-flex\">\n<div class=\"wp-block-column is-layout-flow wp-block-column-is-layout-flow\">\n<figure class=\"wp-block-image size-large\"><img loading=\"lazy\" decoding=\"async\" width=\"1024\" height=\"911\" src=\"https:\/\/baltisaksaselts.ee\/wp-content\/uploads\/2025\/05\/088a7b_21989adf9ec84012a4d4a2bd196ed9b4mv2-2-1024x911.webp\" alt=\"\" class=\"wp-image-591\" srcset=\"https:\/\/baltisaksaselts.ee\/wp-content\/uploads\/2025\/05\/088a7b_21989adf9ec84012a4d4a2bd196ed9b4mv2-2-1024x911.webp 1024w, https:\/\/baltisaksaselts.ee\/wp-content\/uploads\/2025\/05\/088a7b_21989adf9ec84012a4d4a2bd196ed9b4mv2-2-300x267.webp 300w, https:\/\/baltisaksaselts.ee\/wp-content\/uploads\/2025\/05\/088a7b_21989adf9ec84012a4d4a2bd196ed9b4mv2-2-768x683.webp 768w, https:\/\/baltisaksaselts.ee\/wp-content\/uploads\/2025\/05\/088a7b_21989adf9ec84012a4d4a2bd196ed9b4mv2-2-830x738.webp 830w, https:\/\/baltisaksaselts.ee\/wp-content\/uploads\/2025\/05\/088a7b_21989adf9ec84012a4d4a2bd196ed9b4mv2-2-230x205.webp 230w, https:\/\/baltisaksaselts.ee\/wp-content\/uploads\/2025\/05\/088a7b_21989adf9ec84012a4d4a2bd196ed9b4mv2-2-350x311.webp 350w, https:\/\/baltisaksaselts.ee\/wp-content\/uploads\/2025\/05\/088a7b_21989adf9ec84012a4d4a2bd196ed9b4mv2-2-480x427.webp 480w, https:\/\/baltisaksaselts.ee\/wp-content\/uploads\/2025\/05\/088a7b_21989adf9ec84012a4d4a2bd196ed9b4mv2-2.webp 1079w\" sizes=\"auto, (max-width: 1024px) 100vw, 1024px\" \/><\/figure>\n<\/div>\n\n\n\n<div class=\"wp-block-column is-layout-flow wp-block-column-is-layout-flow\">\n<p id=\"block-18d31712-292f-428f-bb21-dc3ec3a393c5\">Meie seltsi liige, Tartu \u00dclikooli germanistikaprofessor Reet Bender valiti 24. mail 2025 Darmstadtis Baltisaksa Seltsi (<em>Deutsch-Baltische Gesellschaft<\/em>) juhatuse liikmeks. Reet Bender on \u00fcks v\u00e4ljapaistvamaid ja mitmek\u00fclgsemaid baltisakslaste keele ja kultuurip\u00e4randi uurijaid ja vahendajaid Eestis. Tema valimine Darmstadti seltsi juhatusse t\u00f5endab, et tema t\u00f6\u00f6d hindavad k\u00f5rgelt ka baltisaksa p\u00e4randi hoidjad Saksamaal.<\/p>\n<\/div>\n<\/div>\n\n\n\n<p><\/p>\n","protected":false},"excerpt":{"rendered":"<p>Meie seltsi liige, Tartu \u00dclikooli germanistikaprofessor Reet Bender valiti 24. mail 2025 Darmstadtis Baltisaksa Seltsi (Deutsch-Baltische Gesellschaft) juhatuse liikmeks. Reet Bender on \u00fcks v\u00e4ljapaistvamaid ja mitmek\u00fclgsemaid baltisakslaste keele ja kultuurip\u00e4randi uurijaid ja vahendajaid Eestis. Tema valimine Darmstadti seltsi juhatusse t\u00f5endab, et tema t\u00f6\u00f6d hindavad k\u00f5rgelt ka baltisaksa p\u00e4randi hoidjad Saksamaal.<\/p>\n","protected":false},"author":1,"featured_media":0,"comment_status":"closed","ping_status":"closed","sticky":false,"template":"","format":"standard","meta":{"footnotes":""},"categories":[1],"tags":[],"class_list":["post-590","post","type-post","status-publish","format-standard","hentry","category-uncategorized"],"_links":{"self":[{"href":"https:\/\/baltisaksaselts.ee\/de\/wp-json\/wp\/v2\/posts\/590","targetHints":{"allow":["GET"]}}],"collection":[{"href":"https:\/\/baltisaksaselts.ee\/de\/wp-json\/wp\/v2\/posts"}],"about":[{"href":"https:\/\/baltisaksaselts.ee\/de\/wp-json\/wp\/v2\/types\/post"}],"author":[{"embeddable":true,"href":"https:\/\/baltisaksaselts.ee\/de\/wp-json\/wp\/v2\/users\/1"}],"replies":[{"embeddable":true,"href":"https:\/\/baltisaksaselts.ee\/de\/wp-json\/wp\/v2\/comments?post=590"}],"version-history":[{"count":6,"href":"https:\/\/baltisaksaselts.ee\/de\/wp-json\/wp\/v2\/posts\/590\/revisions"}],"predecessor-version":[{"id":599,"href":"https:\/\/baltisaksaselts.ee\/de\/wp-json\/wp\/v2\/posts\/590\/revisions\/599"}],"wp:attachment":[{"href":"https:\/\/baltisaksaselts.ee\/de\/wp-json\/wp\/v2\/media?parent=590"}],"wp:term":[{"taxonomy":"category","embeddable":true,"href":"https:\/\/baltisaksaselts.ee\/de\/wp-json\/wp\/v2\/categories?post=590"},{"taxonomy":"post_tag","embeddable":true,"href":"https:\/\/baltisaksaselts.ee\/de\/wp-json\/wp\/v2\/tags?post=590"}],"curies":[{"name":"wp","href":"https:\/\/api.w.org\/{rel}","templated":true}]}}