{"id":560,"date":"2025-04-26T21:58:32","date_gmt":"2025-04-26T21:58:32","guid":{"rendered":"https:\/\/baltisaksaselts.ee\/?p=560"},"modified":"2025-04-27T15:03:15","modified_gmt":"2025-04-27T15:03:15","slug":"paasta-veel-mis-paasta-annab-kolmeaastane-uurimisprojekt-voimaldab-susteemselt-uurida-baltisakslust-teise-maailmasoja-jargsetel-aastakumnetel","status":"publish","type":"post","link":"https:\/\/baltisaksaselts.ee\/de\/uncategorized\/paasta-veel-mis-paasta-annab-kolmeaastane-uurimisprojekt-voimaldab-susteemselt-uurida-baltisakslust-teise-maailmasoja-jargsetel-aastakumnetel\/","title":{"rendered":"P\u00e4\u00e4sta veel, mis p\u00e4\u00e4sta annab: kolmeaastane uurimisprojekt v\u00f5imaldab s\u00fcsteemselt uurida baltisakslust Teise maailmas\u00f5ja j\u00e4rgsetel aastak\u00fcmnetel"},"content":{"rendered":"\n<p>2025. aasta algusest kuni 2027. aasta l\u00f5puni kestev teadusprojekt, mille ametlik nimetus on \u201eBaltisaksa elluj\u00e4\u00e4miskunstid \u2013 baltisakslaste lapsep\u00f5lvekogemused ja kodumaa (taas)loomine\u201c, keskendub seni s\u00fcsteemselt uurimata teemale \u2013 1939.\u20131941. aastal \u00fcmberasumise ajal Eestist lahkunud baltisakslaste ja nende j\u00e4reltulijate k\u00e4ek\u00e4igule ja suhestumisele endise ning uue kodumaa, l\u00e4hedaste, kogukonna ja kaasmaalastega. P\u00fc\u00fctakse v\u00f5rdlevalt vaadelda ka baltisakslaste ja v\u00e4liseestlaste seisundit. Projektis osalevad uurijad t\u00f6\u00f6tavad nii tr\u00fcki- kui ka arhiiviallikatega ning teevad intervjuusid lapsena \u00fcmberasunute ja\/v\u00f5i nende juba mujal s\u00fcndinud j\u00e4rglastega. Samuti oodatakse m\u00e4lestusi eestlastelt, kes p\u00e4rast Teist maailmas\u00f5da hoidsid v\u00f5i said kontakti baltisakslastega.<\/p>\n\n\n\n<p>Projekti koordineerib Tartu \u00dclikooli maailma keelte ja kultuuride instituudi germanistika osakonna juurde loodud baltisaksa uuringute keskus. Germanistika osakonna ja baltisaksa uuringute keskuse juhataja professor Reet Bender on projekti \u201evastutav t\u00e4itja\u201c. \u00dcks projekti \u201ep\u00f5hit\u00e4itjaid\u201c on Tartu \u00dclikooli ajaloo ja arheoloogia instituudi arhiivinduse osakonna kaasprofessor Olev Liivik. Nii Bender kui ka Liivik on meie seltsi liikmed.<\/p>\n","protected":false},"excerpt":{"rendered":"<p>2025. aasta algusest kuni 2027. aasta l\u00f5puni kestev teadusprojekt, mille ametlik nimetus on \u201eBaltisaksa elluj\u00e4\u00e4miskunstid \u2013 baltisakslaste lapsep\u00f5lvekogemused ja kodumaa (taas)loomine\u201c, keskendub seni s\u00fcsteemselt uurimata teemale \u2013 1939.\u20131941. aastal \u00fcmberasumise ajal Eestist lahkunud baltisakslaste ja nende j\u00e4reltulijate k\u00e4ek\u00e4igule ja suhestumisele endise ning uue kodumaa, l\u00e4hedaste, kogukonna ja kaasmaalastega. P\u00fc\u00fctakse v\u00f5rdlevalt vaadelda ka baltisakslaste ja v\u00e4liseestlaste [&hellip;]<\/p>\n","protected":false},"author":1,"featured_media":0,"comment_status":"closed","ping_status":"closed","sticky":false,"template":"","format":"standard","meta":{"footnotes":""},"categories":[1],"tags":[],"class_list":["post-560","post","type-post","status-publish","format-standard","hentry","category-uncategorized"],"_links":{"self":[{"href":"https:\/\/baltisaksaselts.ee\/de\/wp-json\/wp\/v2\/posts\/560","targetHints":{"allow":["GET"]}}],"collection":[{"href":"https:\/\/baltisaksaselts.ee\/de\/wp-json\/wp\/v2\/posts"}],"about":[{"href":"https:\/\/baltisaksaselts.ee\/de\/wp-json\/wp\/v2\/types\/post"}],"author":[{"embeddable":true,"href":"https:\/\/baltisaksaselts.ee\/de\/wp-json\/wp\/v2\/users\/1"}],"replies":[{"embeddable":true,"href":"https:\/\/baltisaksaselts.ee\/de\/wp-json\/wp\/v2\/comments?post=560"}],"version-history":[{"count":2,"href":"https:\/\/baltisaksaselts.ee\/de\/wp-json\/wp\/v2\/posts\/560\/revisions"}],"predecessor-version":[{"id":570,"href":"https:\/\/baltisaksaselts.ee\/de\/wp-json\/wp\/v2\/posts\/560\/revisions\/570"}],"wp:attachment":[{"href":"https:\/\/baltisaksaselts.ee\/de\/wp-json\/wp\/v2\/media?parent=560"}],"wp:term":[{"taxonomy":"category","embeddable":true,"href":"https:\/\/baltisaksaselts.ee\/de\/wp-json\/wp\/v2\/categories?post=560"},{"taxonomy":"post_tag","embeddable":true,"href":"https:\/\/baltisaksaselts.ee\/de\/wp-json\/wp\/v2\/tags?post=560"}],"curies":[{"name":"wp","href":"https:\/\/api.w.org\/{rel}","templated":true}]}}