{"id":474,"date":"2024-12-03T14:08:33","date_gmt":"2024-12-03T14:08:33","guid":{"rendered":"https:\/\/baltisaksaselts.ee\/?p=474"},"modified":"2024-12-03T14:08:33","modified_gmt":"2024-12-03T14:08:33","slug":"baltisakslaste-keskorganisatsiooni-deutsch-baltische-gesellschaft-iga-aastane-seminar-mare-balticum-oli-seekord-puhendatud-keeltele","status":"publish","type":"post","link":"https:\/\/baltisaksaselts.ee\/de\/uncategorized\/baltisakslaste-keskorganisatsiooni-deutsch-baltische-gesellschaft-iga-aastane-seminar-mare-balticum-oli-seekord-puhendatud-keeltele\/","title":{"rendered":"Baltisakslaste keskorganisatsiooni Deutsch-Baltische Gesellschaft iga-aastane seminar Kulturtage Mare Balticum keskendus seekord keel(t)ele."},"content":{"rendered":"\n<p><strong>Werner Bergengruen kirjutab baltisakslaste keelepruugi kohta vanal Liivi-ja Eestimaal j\u00e4rgmist: \u201cVanad Balti provintsid olid kui kaitsealad, seda mitte ainult kommete, olude ja inimt\u00fc\u00fcpide, vaid ka Saksamaal ammu moest l\u00e4inud s\u00f5nade ja v\u00e4ljendite kasutamise poolest\u201d.<\/strong><\/p>\n\n\n\n<p><strong>15.\u201317.10.2024 Darmstadtis toimunud seminari teema oli \u201cS\u00f5nade lab\u00fcrindis \u2013 keel(ed) Baltikumis\u201d.<\/strong><\/p>\n\n\n\n<p><strong>Meeleoluka ettekandega esines meie seltsi liige prof Reet Bender, kes r\u00e4\u00e4kis baltisaksa keelepruugist ja esitles veebis k\u00e4ttesaadavat baltisaksa s\u00f5naraamatut. Seltsi liige prof Maris Saagpakk tutvustas oma ettekandes esimest Eestis pikemaajaliselt (1878\u20131887) ilmunud kirjandusajakirja \u201cMeelejahutaja\u201d. Seminaril osales ka seltsi liige Katrin Vaikmaa.<\/strong><\/p>\n\n\n\n<div class=\"wp-block-columns is-layout-flex wp-container-core-columns-is-layout-9d6595d7 wp-block-columns-is-layout-flex\">\n<div class=\"wp-block-column is-layout-flow wp-block-column-is-layout-flow\">\n<figure class=\"wp-block-image size-large is-resized\"><img loading=\"lazy\" decoding=\"async\" width=\"766\" height=\"1024\" src=\"https:\/\/baltisaksaselts.ee\/wp-content\/uploads\/2024\/12\/IMG_20241117_102016-5-766x1024.jpg\" alt=\"\" class=\"wp-image-482\" style=\"width:759px;height:auto\" srcset=\"https:\/\/baltisaksaselts.ee\/wp-content\/uploads\/2024\/12\/IMG_20241117_102016-5-766x1024.jpg 766w, https:\/\/baltisaksaselts.ee\/wp-content\/uploads\/2024\/12\/IMG_20241117_102016-5-224x300.jpg 224w, https:\/\/baltisaksaselts.ee\/wp-content\/uploads\/2024\/12\/IMG_20241117_102016-5-768x1026.jpg 768w, https:\/\/baltisaksaselts.ee\/wp-content\/uploads\/2024\/12\/IMG_20241117_102016-5-1149x1536.jpg 1149w, https:\/\/baltisaksaselts.ee\/wp-content\/uploads\/2024\/12\/IMG_20241117_102016-5-1532x2048.jpg 1532w, https:\/\/baltisaksaselts.ee\/wp-content\/uploads\/2024\/12\/IMG_20241117_102016-5-830x1109.jpg 830w, https:\/\/baltisaksaselts.ee\/wp-content\/uploads\/2024\/12\/IMG_20241117_102016-5-230x307.jpg 230w, https:\/\/baltisaksaselts.ee\/wp-content\/uploads\/2024\/12\/IMG_20241117_102016-5-350x468.jpg 350w, https:\/\/baltisaksaselts.ee\/wp-content\/uploads\/2024\/12\/IMG_20241117_102016-5-480x641.jpg 480w, https:\/\/baltisaksaselts.ee\/wp-content\/uploads\/2024\/12\/IMG_20241117_102016-5-scaled.jpg 1916w\" sizes=\"auto, (max-width: 766px) 100vw, 766px\" \/><figcaption class=\"wp-element-caption\">Maris Saagpakk 17. novembril 2024 Darmstadtis ettekannet pidamas<\/figcaption><\/figure>\n<\/div>\n<\/div>\n\n\n\n<figure class=\"wp-block-image size-large\"><img loading=\"lazy\" decoding=\"async\" width=\"766\" height=\"1024\" src=\"https:\/\/baltisaksaselts.ee\/wp-content\/uploads\/2024\/12\/IMG_20241116_193843-2-766x1024.jpg\" alt=\"\" class=\"wp-image-483\" srcset=\"https:\/\/baltisaksaselts.ee\/wp-content\/uploads\/2024\/12\/IMG_20241116_193843-2-766x1024.jpg 766w, https:\/\/baltisaksaselts.ee\/wp-content\/uploads\/2024\/12\/IMG_20241116_193843-2-224x300.jpg 224w, https:\/\/baltisaksaselts.ee\/wp-content\/uploads\/2024\/12\/IMG_20241116_193843-2-768x1026.jpg 768w, https:\/\/baltisaksaselts.ee\/wp-content\/uploads\/2024\/12\/IMG_20241116_193843-2-1149x1536.jpg 1149w, https:\/\/baltisaksaselts.ee\/wp-content\/uploads\/2024\/12\/IMG_20241116_193843-2-1532x2048.jpg 1532w, https:\/\/baltisaksaselts.ee\/wp-content\/uploads\/2024\/12\/IMG_20241116_193843-2-830x1109.jpg 830w, https:\/\/baltisaksaselts.ee\/wp-content\/uploads\/2024\/12\/IMG_20241116_193843-2-230x307.jpg 230w, https:\/\/baltisaksaselts.ee\/wp-content\/uploads\/2024\/12\/IMG_20241116_193843-2-350x468.jpg 350w, https:\/\/baltisaksaselts.ee\/wp-content\/uploads\/2024\/12\/IMG_20241116_193843-2-480x641.jpg 480w, https:\/\/baltisaksaselts.ee\/wp-content\/uploads\/2024\/12\/IMG_20241116_193843-2-scaled.jpg 1916w\" sizes=\"auto, (max-width: 766px) 100vw, 766px\" \/><figcaption class=\"wp-element-caption\">Reet Bender, Maris Saagpakk ja Katrin Vaikmaa Darmstadti seminaril<\/figcaption><\/figure>\n","protected":false},"excerpt":{"rendered":"<p>Werner Bergengruen kirjutab baltisakslaste keelepruugi kohta vanal Liivi-ja Eestimaal j\u00e4rgmist: \u201cVanad Balti provintsid olid kui kaitsealad, seda mitte ainult kommete, olude ja inimt\u00fc\u00fcpide, vaid ka Saksamaal ammu moest l\u00e4inud s\u00f5nade ja v\u00e4ljendite kasutamise poolest\u201d. 15.\u201317.10.2024 Darmstadtis toimunud seminari teema oli \u201cS\u00f5nade lab\u00fcrindis \u2013 keel(ed) Baltikumis\u201d. Meeleoluka ettekandega esines meie seltsi liige prof Reet Bender, kes [&hellip;]<\/p>\n","protected":false},"author":1,"featured_media":0,"comment_status":"closed","ping_status":"closed","sticky":false,"template":"","format":"standard","meta":{"footnotes":""},"categories":[1],"tags":[],"class_list":["post-474","post","type-post","status-publish","format-standard","hentry","category-uncategorized"],"_links":{"self":[{"href":"https:\/\/baltisaksaselts.ee\/de\/wp-json\/wp\/v2\/posts\/474","targetHints":{"allow":["GET"]}}],"collection":[{"href":"https:\/\/baltisaksaselts.ee\/de\/wp-json\/wp\/v2\/posts"}],"about":[{"href":"https:\/\/baltisaksaselts.ee\/de\/wp-json\/wp\/v2\/types\/post"}],"author":[{"embeddable":true,"href":"https:\/\/baltisaksaselts.ee\/de\/wp-json\/wp\/v2\/users\/1"}],"replies":[{"embeddable":true,"href":"https:\/\/baltisaksaselts.ee\/de\/wp-json\/wp\/v2\/comments?post=474"}],"version-history":[{"count":6,"href":"https:\/\/baltisaksaselts.ee\/de\/wp-json\/wp\/v2\/posts\/474\/revisions"}],"predecessor-version":[{"id":489,"href":"https:\/\/baltisaksaselts.ee\/de\/wp-json\/wp\/v2\/posts\/474\/revisions\/489"}],"wp:attachment":[{"href":"https:\/\/baltisaksaselts.ee\/de\/wp-json\/wp\/v2\/media?parent=474"}],"wp:term":[{"taxonomy":"category","embeddable":true,"href":"https:\/\/baltisaksaselts.ee\/de\/wp-json\/wp\/v2\/categories?post=474"},{"taxonomy":"post_tag","embeddable":true,"href":"https:\/\/baltisaksaselts.ee\/de\/wp-json\/wp\/v2\/tags?post=474"}],"curies":[{"name":"wp","href":"https:\/\/api.w.org\/{rel}","templated":true}]}}