{"id":282,"date":"2023-09-27T07:26:27","date_gmt":"2023-09-27T07:26:27","guid":{"rendered":"https:\/\/baltisaksaselts.ee\/?p=282"},"modified":"2023-09-27T07:26:27","modified_gmt":"2023-09-27T07:26:27","slug":"varskelt-on-trukivalgust-nainud-kaks-mahukat-tolketeost-baltisaksa-seltsi-liikmetelt","status":"publish","type":"post","link":"https:\/\/baltisaksaselts.ee\/de\/uncategorized\/varskelt-on-trukivalgust-nainud-kaks-mahukat-tolketeost-baltisaksa-seltsi-liikmetelt\/","title":{"rendered":"V\u00e4rskelt on tr\u00fckivalgust n\u00e4inud kaks mahukat t\u00f5lketeost Baltisaksa seltsi liikmetelt.\u00a0"},"content":{"rendered":"\n<div class=\"wp-block-media-text is-stacked-on-mobile\"><figure class=\"wp-block-media-text__media\"><img loading=\"lazy\" decoding=\"async\" width=\"712\" height=\"1024\" src=\"https:\/\/baltisaksaselts.ee\/wp-content\/uploads\/2023\/09\/baltisakslasedIMS-712x1024.jpg\" alt=\"\" class=\"wp-image-283 size-full\" srcset=\"https:\/\/baltisaksaselts.ee\/wp-content\/uploads\/2023\/09\/baltisakslasedIMS-712x1024.jpg 712w, https:\/\/baltisaksaselts.ee\/wp-content\/uploads\/2023\/09\/baltisakslasedIMS-209x300.jpg 209w, https:\/\/baltisaksaselts.ee\/wp-content\/uploads\/2023\/09\/baltisakslasedIMS-768x1105.jpg 768w, https:\/\/baltisaksaselts.ee\/wp-content\/uploads\/2023\/09\/baltisakslasedIMS-830x1194.jpg 830w, https:\/\/baltisaksaselts.ee\/wp-content\/uploads\/2023\/09\/baltisakslasedIMS-230x331.jpg 230w, https:\/\/baltisaksaselts.ee\/wp-content\/uploads\/2023\/09\/baltisakslasedIMS-350x503.jpg 350w, https:\/\/baltisaksaselts.ee\/wp-content\/uploads\/2023\/09\/baltisakslasedIMS-480x690.jpg 480w, https:\/\/baltisaksaselts.ee\/wp-content\/uploads\/2023\/09\/baltisakslasedIMS.jpg 899w\" sizes=\"auto, (max-width: 712px) 100vw, 712px\" \/><\/figure><div class=\"wp-block-media-text__content\">\n<p><strong>Agur Benno<\/strong>\u00a0t\u00f5lkes j\u00f5uavad lugejani\u00a0kolme baltisaksa noormehe \u2013 Heinrich von Dehni, Oswald Hartge\u00a0ja krahv Alexander Stenbock-Fermori \u2013 m\u00e4lestused Eesti Vabaduss\u00f5ja p\u00e4evilt. Iga lugu valgustab toimunut oma nurga alt, aidates m\u00f5ista tollaseid meeleolusid ning selgitada asjaosaliste tehtud valikuid.\u00a0Kuigi eesti- ja l\u00e4tisakslaste teed l\u00e4ksid Vabaduss\u00f5jas m\u00f5nev\u00f5rra lahku, \u00fchendas nooruse uljuses ja hulljulguses s\u00f5tta siirdunud mehi soov kaitsta oma kodu ja perekonda.\u00a0<\/p>\n<\/div><\/div>\n\n\n\n<p><\/p>\n\n\n\n<div class=\"wp-block-media-text has-media-on-the-right is-stacked-on-mobile\"><div class=\"wp-block-media-text__content\">\n<p>Wilhelm von K\u00fcgelgeni (1802-1867) \u00fclipopulaarseks saanud autobiograafia &#8222;Vana mehe noorusm\u00e4lestused&#8220; t\u00f5lkis\u00a0<strong>Anne Untera<\/strong>. Teos\u00a0haarab Wilhelmi lapsep\u00f5lve ja noorukiiga kuni tema isa, kuulsa kunstniku Gerhard von\u00a0K\u00fcgelgeni (1772\u20131820) v\u00e4givaldse surmani. Lugeja silme ette maalitakse s\u00fcdamlikult soe ja humoorikas pilt 19. sajandi algusk\u00fcmnendite t\u00e4htsatest s\u00fcndmustest ning tollase seisus\u00fchiskonna elu- ja m\u00f5tteviisist.<\/p>\n<\/div><figure class=\"wp-block-media-text__media\"><img loading=\"lazy\" decoding=\"async\" width=\"632\" height=\"1024\" src=\"https:\/\/baltisaksaselts.ee\/wp-content\/uploads\/2023\/09\/Kugelgen-632x1024.png\" alt=\"\" class=\"wp-image-284 size-full\" srcset=\"https:\/\/baltisaksaselts.ee\/wp-content\/uploads\/2023\/09\/Kugelgen-632x1024.png 632w, https:\/\/baltisaksaselts.ee\/wp-content\/uploads\/2023\/09\/Kugelgen-185x300.png 185w, https:\/\/baltisaksaselts.ee\/wp-content\/uploads\/2023\/09\/Kugelgen-768x1244.png 768w, https:\/\/baltisaksaselts.ee\/wp-content\/uploads\/2023\/09\/Kugelgen-948x1536.png 948w, https:\/\/baltisaksaselts.ee\/wp-content\/uploads\/2023\/09\/Kugelgen-1264x2048.png 1264w, https:\/\/baltisaksaselts.ee\/wp-content\/uploads\/2023\/09\/Kugelgen-830x1345.png 830w, https:\/\/baltisaksaselts.ee\/wp-content\/uploads\/2023\/09\/Kugelgen-230x373.png 230w, https:\/\/baltisaksaselts.ee\/wp-content\/uploads\/2023\/09\/Kugelgen-350x567.png 350w, https:\/\/baltisaksaselts.ee\/wp-content\/uploads\/2023\/09\/Kugelgen-480x778.png 480w, https:\/\/baltisaksaselts.ee\/wp-content\/uploads\/2023\/09\/Kugelgen.png 1648w\" sizes=\"auto, (max-width: 632px) 100vw, 632px\" \/><\/figure><\/div>\n","protected":false},"excerpt":{"rendered":"<p>Agur Benno\u00a0t\u00f5lkes j\u00f5uavad lugejani\u00a0kolme baltisaksa noormehe \u2013 Heinrich von Dehni, Oswald Hartge\u00a0ja krahv Alexander Stenbock-Fermori \u2013 m\u00e4lestused Eesti Vabaduss\u00f5ja p\u00e4evilt. Iga lugu valgustab toimunut oma nurga alt, aidates m\u00f5ista tollaseid meeleolusid ning selgitada asjaosaliste tehtud valikuid.\u00a0Kuigi eesti- ja l\u00e4tisakslaste teed l\u00e4ksid Vabaduss\u00f5jas m\u00f5nev\u00f5rra lahku, \u00fchendas nooruse uljuses ja hulljulguses s\u00f5tta siirdunud mehi soov kaitsta oma [&hellip;]<\/p>\n","protected":false},"author":1,"featured_media":0,"comment_status":"closed","ping_status":"closed","sticky":false,"template":"","format":"standard","meta":{"footnotes":""},"categories":[1],"tags":[],"class_list":["post-282","post","type-post","status-publish","format-standard","hentry","category-uncategorized"],"_links":{"self":[{"href":"https:\/\/baltisaksaselts.ee\/de\/wp-json\/wp\/v2\/posts\/282","targetHints":{"allow":["GET"]}}],"collection":[{"href":"https:\/\/baltisaksaselts.ee\/de\/wp-json\/wp\/v2\/posts"}],"about":[{"href":"https:\/\/baltisaksaselts.ee\/de\/wp-json\/wp\/v2\/types\/post"}],"author":[{"embeddable":true,"href":"https:\/\/baltisaksaselts.ee\/de\/wp-json\/wp\/v2\/users\/1"}],"replies":[{"embeddable":true,"href":"https:\/\/baltisaksaselts.ee\/de\/wp-json\/wp\/v2\/comments?post=282"}],"version-history":[{"count":1,"href":"https:\/\/baltisaksaselts.ee\/de\/wp-json\/wp\/v2\/posts\/282\/revisions"}],"predecessor-version":[{"id":285,"href":"https:\/\/baltisaksaselts.ee\/de\/wp-json\/wp\/v2\/posts\/282\/revisions\/285"}],"wp:attachment":[{"href":"https:\/\/baltisaksaselts.ee\/de\/wp-json\/wp\/v2\/media?parent=282"}],"wp:term":[{"taxonomy":"category","embeddable":true,"href":"https:\/\/baltisaksaselts.ee\/de\/wp-json\/wp\/v2\/categories?post=282"},{"taxonomy":"post_tag","embeddable":true,"href":"https:\/\/baltisaksaselts.ee\/de\/wp-json\/wp\/v2\/tags?post=282"}],"curies":[{"name":"wp","href":"https:\/\/api.w.org\/{rel}","templated":true}]}}