{"id":276,"date":"2023-05-02T09:28:40","date_gmt":"2023-05-02T09:28:40","guid":{"rendered":"https:\/\/baltisaksaselts.ee\/?p=276"},"modified":"2023-05-02T09:30:23","modified_gmt":"2023-05-02T09:30:23","slug":"igakulgselt-laulupidudest","status":"publish","type":"post","link":"https:\/\/baltisaksaselts.ee\/de\/uncategorized\/igakulgselt-laulupidudest\/","title":{"rendered":"Igak\u00fclgselt laulupidudest"},"content":{"rendered":"\n<p>Laulupidu on eestlastele nii t\u00e4htis, et seda on nimetatud isegi eestlaste religiooniks, v\u00e4hemt\u00e4htis pole pidu aga ka L\u00e4tis ega Leedus.&nbsp; Millest peod alguse said ja kus peitub meie laulupidude l\u00e4te, sellest r\u00e4\u00e4kisid 22. aprillil Bonnis Balti Kristliku \u00dchingu korraldatud konverentsil Balti riikide muusikateadlased ja koorijuhid. Esimese ettekandjana valgustas balti-saksa laulupeotraditsiooni Tartu \u00dclikooli doktorant Anna Caroline Haubold Marburgist. Eestit esindas meie seltsi liige Riina Roose.&nbsp;<\/p>\n\n\n\n<figure class=\"wp-block-image size-thumbnail\"><a href=\"https:\/\/baltisaksaselts.ee\/wp-content\/uploads\/2023\/05\/image.png\"><img loading=\"lazy\" decoding=\"async\" width=\"150\" height=\"150\" src=\"https:\/\/baltisaksaselts.ee\/wp-content\/uploads\/2023\/05\/image-150x150.png\" alt=\"\" class=\"wp-image-277\"\/><\/a><\/figure>\n\n\n\n<figure class=\"wp-block-image size-thumbnail\"><a href=\"https:\/\/baltisaksaselts.ee\/wp-content\/uploads\/2023\/05\/Roose_Annabergis-scaled.jpg\"><img loading=\"lazy\" decoding=\"async\" width=\"150\" height=\"150\" src=\"https:\/\/baltisaksaselts.ee\/wp-content\/uploads\/2023\/05\/Roose_Annabergis-150x150.jpg\" alt=\"\" class=\"wp-image-278\"\/><\/a><\/figure>\n","protected":false},"excerpt":{"rendered":"<p>Laulupidu on eestlastele nii t\u00e4htis, et seda on nimetatud isegi eestlaste religiooniks, v\u00e4hemt\u00e4htis pole pidu aga ka L\u00e4tis ega Leedus.&nbsp; Millest peod alguse said ja kus peitub meie laulupidude l\u00e4te, sellest r\u00e4\u00e4kisid 22. aprillil Bonnis Balti Kristliku \u00dchingu korraldatud konverentsil Balti riikide muusikateadlased ja koorijuhid. Esimese ettekandjana valgustas balti-saksa laulupeotraditsiooni Tartu \u00dclikooli doktorant Anna Caroline [&hellip;]<\/p>\n","protected":false},"author":1,"featured_media":0,"comment_status":"closed","ping_status":"closed","sticky":false,"template":"","format":"standard","meta":{"footnotes":""},"categories":[1],"tags":[],"class_list":["post-276","post","type-post","status-publish","format-standard","hentry","category-uncategorized"],"_links":{"self":[{"href":"https:\/\/baltisaksaselts.ee\/de\/wp-json\/wp\/v2\/posts\/276","targetHints":{"allow":["GET"]}}],"collection":[{"href":"https:\/\/baltisaksaselts.ee\/de\/wp-json\/wp\/v2\/posts"}],"about":[{"href":"https:\/\/baltisaksaselts.ee\/de\/wp-json\/wp\/v2\/types\/post"}],"author":[{"embeddable":true,"href":"https:\/\/baltisaksaselts.ee\/de\/wp-json\/wp\/v2\/users\/1"}],"replies":[{"embeddable":true,"href":"https:\/\/baltisaksaselts.ee\/de\/wp-json\/wp\/v2\/comments?post=276"}],"version-history":[{"count":2,"href":"https:\/\/baltisaksaselts.ee\/de\/wp-json\/wp\/v2\/posts\/276\/revisions"}],"predecessor-version":[{"id":280,"href":"https:\/\/baltisaksaselts.ee\/de\/wp-json\/wp\/v2\/posts\/276\/revisions\/280"}],"wp:attachment":[{"href":"https:\/\/baltisaksaselts.ee\/de\/wp-json\/wp\/v2\/media?parent=276"}],"wp:term":[{"taxonomy":"category","embeddable":true,"href":"https:\/\/baltisaksaselts.ee\/de\/wp-json\/wp\/v2\/categories?post=276"},{"taxonomy":"post_tag","embeddable":true,"href":"https:\/\/baltisaksaselts.ee\/de\/wp-json\/wp\/v2\/tags?post=276"}],"curies":[{"name":"wp","href":"https:\/\/api.w.org\/{rel}","templated":true}]}}